{"id":4046,"date":"2026-03-01T20:15:05","date_gmt":"2026-03-01T20:15:05","guid":{"rendered":"https:\/\/onyx.ma\/conference-internationale-sur-la-science-la-technologie-et-le-savoir-dans-lhistoire-europeenne-a-marrakech-2026\/"},"modified":"2026-03-01T20:15:06","modified_gmt":"2026-03-01T20:15:06","slug":"conference-internationale-sur-la-science-la-technologie-et-le-savoir-dans-lhistoire-europeenne-a-marrakech-2026","status":"publish","type":"post","link":"https:\/\/onyx.ma\/fr\/conference-internationale-sur-la-science-la-technologie-et-le-savoir-dans-lhistoire-europeenne-a-marrakech-2026\/","title":{"rendered":"Conf\u00e9rence Internationale sur la Science, la Technologie et le Savoir dans l&rsquo;Histoire Europ\u00e9enne \u00e0 Marrakech 2026"},"content":{"rendered":"<p>La Conf\u00e9rence Internationale sur la Science, la Technologie et le Savoir dans l&rsquo;Histoire Europ\u00e9enne (ICSTKEH) r\u00e9unira des chercheurs, des innovateurs et des chercheurs interdisciplinaires les 5 et 6 mars 2026, dans la vibrante ville de Marrakech, au Maroc.<\/p>\n<p>Cette premi\u00e8re \u00e9dition porte sur une analyse approfondie des perspectives historiques concernant le d\u00e9veloppement de la science, les avanc\u00e9es technologiques et la diffusion des savoirs dans les contextes europ\u00e9ens.<\/p>\n<p>En revisitant les jalons du pass\u00e9, la conf\u00e9rence vise \u00e0 \u00e9clairer comment les progr\u00e8s scientifiques historiques peuvent alimenter l&rsquo;innovation technologique contemporaine et la gestion des connaissances.<\/p>\n<h2>Un rendez-vous majeur dans le calendrier acad\u00e9mique marocain<\/h2>\n<p>ICSTKEH s&rsquo;impose comme un \u00e9v\u00e9nement notable dans le calendrier croissant des manifestations acad\u00e9miques au Maroc.<\/p>\n<p>Cette conf\u00e9rence s\u2019inscrit dans une s\u00e9rie de rencontres savantes pr\u00e9vues \u00e0 Marrakech durant le mois de mars 2026.<\/p>\n<p>Ces rassemblements incluent des conf\u00e9rences sur les services agro\u00e9cosyst\u00e9miques, les politiques \u00e9ducatives, la litt\u00e9rature et les disciplines en ing\u00e9nierie.<\/p>\n<p>Ils illustrent le r\u00f4le \u00e9mergent de Marrakech en tant que carrefour d\u2019\u00e9changes intellectuels mondiaux.<\/p>\n<h2>Regards sur l&rsquo;\u00e9volution scientifique et technologique<\/h2>\n<p>Au c\u0153ur de l\u2019ICSTKEH se trouve une investigation multidisciplinaire sur l\u2019\u00e9volution de la science et de la technologie \u00e0 travers l\u2019histoire europ\u00e9enne.<\/p>\n<p>Les participants exploreront les modes de production, de diffusion et de transformation du savoir sur plusieurs si\u00e8cles, \u00e9tablissant des liens des premi\u00e8res d\u00e9couvertes scientifiques aux r\u00e9alit\u00e9s technologiques actuelles.<\/p>\n<p>Comprendre ces trajectoires historiques est essentiel pour les chercheurs souhaitant saisir non seulement l\u2019origine des innovations majeures, mais aussi les forces socioculturelles, politiques et \u00e9conomiques qui ont fa\u00e7onn\u00e9 les changements technologiques.<\/p>\n<p>Cette approche est particuli\u00e8rement pertinente pour ceux qui analysent comment les syst\u00e8mes de savoir historiques influencent les m\u00e9thodes actuelles d\u2019innovation, de partage de l\u2019information et de collaboration scientifique.<\/p>\n<h2>Sujets abord\u00e9s et importance acad\u00e9mique<\/h2>\n<ul>\n<li><strong>Perspectives historiques sur les d\u00e9veloppements scientifiques :<\/strong> Analyse des avanc\u00e9es scientifiques majeures en Europe, leurs contextes et leur impact mondial.<\/li>\n<li><strong>Innovation technologique \u00e0 travers les \u00e2ges :<\/strong> \u00c9tude des outils, machines et perc\u00e9es en ing\u00e9nierie ayant une influence durable.<\/li>\n<li><strong>Diffusion du savoir :<\/strong> Exploration des m\u00e9thodes et institutions responsables de la transmission de la compr\u00e9hension scientifique, des manuscrits anciens aux r\u00e9seaux de communication modernes.<\/li>\n<li><strong>Intersections interdisciplinaires :<\/strong> Connexion entre histoire, technologie, \u00e9tudes scientifiques et analyses culturelles pour une vision globale.<\/li>\n<\/ul>\n<p>Ce focus th\u00e9matique souligne la pertinence de la conf\u00e9rence, non seulement pour les historiens mais aussi pour les technologues et innovateurs contemporains en qu\u00eate d\u2019enseignements du pass\u00e9.<\/p>\n<p>En recontextualisant le patrimoine scientifique europ\u00e9en, l&rsquo;\u00e9v\u00e9nement propose des cadres pr\u00e9cieux pour relever les d\u00e9fis actuels du transfert de connaissances, de l\u2019adoption technologique et des pratiques \u00e9ducatives.<\/p>\n<h2>Marrakech, carrefour acad\u00e9mique international<\/h2>\n<p>Le choix de Marrakech comme lieu de la conf\u00e9rence t\u00e9moigne de la mont\u00e9e en puissance du Maroc dans l\u2019organisation de congr\u00e8s internationaux.<\/p>\n<p>La richesse culturelle et la position strat\u00e9gique de la ville, au croisement de l\u2019Afrique et de l\u2019Europe, en font un cadre id\u00e9al pour promouvoir l\u2019\u00e9change savant transcontinental.<\/p>\n<p>Parall\u00e8lement \u00e0 ICSTKEH, Marrakech accueillera plusieurs autres \u00e9v\u00e9nements en mars 2026, couvrant un large \u00e9ventail disciplinaire :<\/p>\n<ul>\n<li>Conf\u00e9rence Internationale sur les Services Agro\u00e9cosyst\u00e9miques et la Conservation de la Biodiversit\u00e9<\/li>\n<li>Conf\u00e9rence Internationale sur les D\u00e9fis Globaux et les Politiques \u00c9ducatives<\/li>\n<li>Conf\u00e9rence Internationale sur la Litt\u00e9rature, l\u2019Histoire et le Patrimoine Culturel<\/li>\n<li>Conf\u00e9rence Internationale sur la Science, la Technologie, l\u2019Ing\u00e9nierie et la Gestion<\/li>\n<\/ul>\n<p>Une telle concentration d\u2019\u00e9v\u00e9nements acad\u00e9miques divers place Marrakech comme un point nodal pour l\u2019\u00e9change de savoirs, attirant chercheurs et professionnels du monde entier.<\/p>\n<h2>Technologie, affaires et fintech au Maroc : quel lien ?<\/h2>\n<p>Bien que l\u2019ICSTKEH porte principalement sur les avanc\u00e9es historiques en science et technologie europ\u00e9ennes, ses observations trouvent un \u00e9cho pertinent dans les secteurs technologiques et commerciaux du Maroc.<\/p>\n<p>Comprendre l&rsquo;\u00e9volution des syst\u00e8mes de connaissances scientifiques et des inventions technologiques offre des perspectives utiles aux innovateurs des industries fintech et technologiques en pleine croissance du pays.<\/p>\n<p>L\u2019analyse historique \u00e9claire les concepts fondamentaux qui sous-tendent aujourd\u2019hui des technologies complexes telles que la blockchain, l\u2019intelligence artificielle et les syst\u00e8mes d\u2019information num\u00e9riques.<\/p>\n<p>En \u00e9tudiant les origines et la diffusion des id\u00e9es scientifiques en Europe, les innovateurs marocains peuvent tirer des le\u00e7ons pr\u00e9cieuses adapt\u00e9es \u00e0 leurs contextes locaux, cr\u00e9ant un pont entre histoire, entrepreneuriat moderne et strat\u00e9gies d\u2019innovation.<\/p>\n<p>Par ailleurs, le nombre croissant de conf\u00e9rences li\u00e9es \u00e0 la technologie organis\u00e9es au Maroc refl\u00e8te son ambition de d\u00e9velopper un \u00e9cosyst\u00e8me dynamique o\u00f9 recherche acad\u00e9mique et applications commerciales se rencontrent.<\/p>\n<p>Cette conf\u00e9rence, en alliant histoire et interrogation technologique, s\u2019ins\u00e8re dans cette dynamique et pourrait favoriser des collaborations entre historiens, techniciens et dirigeants d\u2019entreprise.<\/p>\n<h2>Programme et participation<\/h2>\n<p>L\u2019\u00e9v\u00e9nement de deux jours d\u00e9butera le 5 mars 2026, avec une seconde journ\u00e9e consacr\u00e9e \u00e0 des sessions et discussions compl\u00e9mentaires.<\/p>\n<p>Bien que les programmes d\u00e9taill\u00e9s, orateurs principaux et formats de panels ne soient pas encore annonc\u00e9s, on pr\u00e9voit des pr\u00e9sentations d\u2019articles scientifiques, des tables rondes et des opportunit\u00e9s de r\u00e9seautage typiques des rencontres acad\u00e9miques internationales.<\/p>\n<p>Les chercheurs et participants invit\u00e9s pourront partager leurs recherches avant-gardistes, d\u00e9battre des questions majeures concernant l\u2019impact historique de la science et de la technologie, et d\u00e9velopper des partenariats interdisciplinaires.<\/p>\n<p>La participation est attendue d\u2019un public mondial comprenant des historiens des sciences, des d\u00e9veloppeurs technologiques, des th\u00e9oriciens culturels et des sp\u00e9cialistes en politiques publiques.<\/p>\n<h2>Visibilit\u00e9 et perspectives \u00e0 venir<\/h2>\n<p>L\u2019ICSTKEH est r\u00e9pertori\u00e9e sur plusieurs plateformes internationales d\u2019alerte aux conf\u00e9rences, ce qui t\u00e9moigne d\u2019une forte visibilit\u00e9 dans les r\u00e9seaux acad\u00e9miques.<\/p>\n<p>Bien que ce soit une premi\u00e8re \u00e9dition avec un parcours limit\u00e9, la richesse th\u00e9matique de l&rsquo;\u00e9v\u00e9nement et son emplacement strat\u00e9gique alimentent l\u2019optimisme quant \u00e0 son \u00e9volution comme forum r\u00e9current pour les historiens des sciences et technologies.<\/p>\n<p>Alors que le Maroc poursuit son d\u00e9veloppement comme destination privil\u00e9gi\u00e9e pour les congr\u00e8s internationaux, des initiatives telles qu\u2019ICSTKEH renforcent son engagement \u00e0 favoriser un \u00e9change intellectuel transcendant les fronti\u00e8res disciplinaires et g\u00e9ographiques.<\/p>\n<p>Les chercheurs et parties int\u00e9ress\u00e9es peuvent consulter des informations et mises \u00e0 jour via des agr\u00e9gateurs officiels comme <a href=\"https:\/\/conferencenext.com\/event\/100295280\" target=\"_blank\" rel=\"noopener\">ConferenceNext<\/a> et <a href=\"https:\/\/allconferencealert.net\/cities\/marrakesh\/march.php\" target=\"_blank\" rel=\"noopener\">AllConferenceAlert<\/a>.<\/p>\n<h2>Un avenir prometteur<\/h2>\n<p>La rencontre de mars 2026 \u00e0 Marrakech offre un aper\u00e7u enthousiasmant d\u2019un futur o\u00f9 l\u2019examen historique et l\u2019innovation technologique convergent de mani\u00e8re significative.<\/p>\n<p>En explorant les \u00e9pisodes historiques europ\u00e9ens en science et technologie, l\u2019ICSTKEH encourage une approche r\u00e9fl\u00e9chie et inform\u00e9e des d\u00e9fis technologiques actuels.<\/p>\n<p>Cette alliance du pass\u00e9 et du pr\u00e9sent enrichit le paysage acad\u00e9mique marocain et stimule le dialogue scientifique mondial.<\/p>\n","protected":false},"excerpt":{"rendered":"<p>La premi\u00e8re conf\u00e9rence ICSTKEH \u00e0 Marrakech en mars 2026 explore l&rsquo;histoire de la science, la technologie et le savoir en Europe, favorisant les perspectives interdisciplinaires et l&rsquo;innovation.<\/p>\n","protected":false},"author":1,"featured_media":4043,"comment_status":"open","ping_status":"open","sticky":false,"template":"","format":"standard","meta":{"footnotes":"","rank_math_focus_keyword":"","rank_math_description":""},"categories":[277],"tags":[],"class_list":["post-4046","post","type-post","status-publish","format-standard","has-post-thumbnail","hentry","category-evenements"],"_links":{"self":[{"href":"https:\/\/onyx.ma\/fr\/wp-json\/wp\/v2\/posts\/4046","targetHints":{"allow":["GET"]}}],"collection":[{"href":"https:\/\/onyx.ma\/fr\/wp-json\/wp\/v2\/posts"}],"about":[{"href":"https:\/\/onyx.ma\/fr\/wp-json\/wp\/v2\/types\/post"}],"author":[{"embeddable":true,"href":"https:\/\/onyx.ma\/fr\/wp-json\/wp\/v2\/users\/1"}],"replies":[{"embeddable":true,"href":"https:\/\/onyx.ma\/fr\/wp-json\/wp\/v2\/comments?post=4046"}],"version-history":[{"count":1,"href":"https:\/\/onyx.ma\/fr\/wp-json\/wp\/v2\/posts\/4046\/revisions"}],"predecessor-version":[{"id":4047,"href":"https:\/\/onyx.ma\/fr\/wp-json\/wp\/v2\/posts\/4046\/revisions\/4047"}],"wp:featuredmedia":[{"embeddable":true,"href":"https:\/\/onyx.ma\/fr\/wp-json\/wp\/v2\/media\/4043"}],"wp:attachment":[{"href":"https:\/\/onyx.ma\/fr\/wp-json\/wp\/v2\/media?parent=4046"}],"wp:term":[{"taxonomy":"category","embeddable":true,"href":"https:\/\/onyx.ma\/fr\/wp-json\/wp\/v2\/categories?post=4046"},{"taxonomy":"post_tag","embeddable":true,"href":"https:\/\/onyx.ma\/fr\/wp-json\/wp\/v2\/tags?post=4046"}],"curies":[{"name":"wp","href":"https:\/\/api.w.org\/{rel}","templated":true}]}}