{"id":4196,"date":"2026-03-10T20:14:39","date_gmt":"2026-03-10T20:14:39","guid":{"rendered":"https:\/\/onyx.ma\/intelsyst-2026-conference-sur-les-systemes-intelligents-a-rabat\/"},"modified":"2026-03-10T20:14:40","modified_gmt":"2026-03-10T20:14:40","slug":"intelsyst-2026-conference-sur-les-systemes-intelligents-a-rabat","status":"publish","type":"post","link":"https:\/\/onyx.ma\/fr\/intelsyst-2026-conference-sur-les-systemes-intelligents-a-rabat\/","title":{"rendered":"INTELSYST 2026 : Conf\u00e9rence sur les Syst\u00e8mes Intelligents \u00e0 Rabat"},"content":{"rendered":"<p>Rabat s&rsquo;appr\u00eate \u00e0 devenir un centre n\u00e9vralgique d&rsquo;innovation et de dialogue technologique avanc\u00e9 avec la prochaine Conf\u00e9rence Internationale EMENA sur les Syst\u00e8mes Intelligents et les Technologies Intelligentes (INTELSYST 2026).<\/p>\n<p>Pr\u00e9vue pour le 29 avril 2026, cette manifestation prestigieuse rassemble les esprits les plus brillants ainsi que les experts pionniers dans les domaines des syst\u00e8mes intelligents, des technologies intelligentes et de l&rsquo;intelligence artificielle (IA) en provenance d\u2019Europe, du Moyen-Orient et d\u2019Afrique du Nord.<\/p>\n<h2>Une rencontre majeure pour l&rsquo;innovation<\/h2>\n<p>INTELSYST 2026 promet d\u2019\u00eatre un \u00e9v\u00e9nement marquant, mettant en lumi\u00e8re les derni\u00e8res avanc\u00e9es en informatique et technologie.<\/p>\n<p>L&rsquo;\u00e9v\u00e9nement est con\u00e7u pour encourager des discussions enrichissantes, l\u2019\u00e9change de savoirs et des collaborations susceptibles de faire progresser les technologies intelligentes.<\/p>\n<h2>Relier les comp\u00e9tences dans toute une r\u00e9gion<\/h2>\n<p>Organis\u00e9e comme une plateforme cl\u00e9 pour les chercheurs, leaders industriels et universitaires, cette conf\u00e9rence invite les participants \u00e0 pr\u00e9senter leurs recherches r\u00e9centes, partager leurs exp\u00e9riences pratiques et explorer les tendances \u00e9mergentes dans les syst\u00e8mes intelligents \u2013 v\u00e9ritables piliers de l&rsquo;infrastructure num\u00e9rique de demain.<\/p>\n<p>Le programme couvre un large \u00e9ventail de sujets, incluant des algorithmes avanc\u00e9s d\u2019IA, des applications d\u2019apprentissage automatique, la robotique, l\u2019Internet des objets et les villes intelligentes, illustrant l\u2019impact transformateur de ces technologies sur la soci\u00e9t\u00e9.<\/p>\n<p>Le fait d\u2019accueillir cet \u00e9v\u00e9nement \u00e0 Rabat rehausse le profil du Maroc en tant que p\u00f4le \u00e9mergent d\u2019innovation technologique dans la r\u00e9gion EMENA.<\/p>\n<p>Cela offre une opportunit\u00e9 de mettre en lumi\u00e8re des projets r\u00e9gionaux, de favoriser de nouveaux partenariats et d\u2019acc\u00e9l\u00e9rer l\u2019adoption des technologies pr\u00eates pour l&rsquo;avenir sur les march\u00e9s locaux et internationaux.<\/p>\n<h2>Th\u00e8mes principaux et axes d\u2019int\u00e9r\u00eat<\/h2>\n<p>INTELSYST 2026 explorera en profondeur les syst\u00e8mes intelligents \u2013 des technologies capables de prises de d\u00e9cision autonomes et d\u2019apprentissages adaptatifs r\u00e9pondant en temps r\u00e9el \u00e0 des environnements complexes.<\/p>\n<p>Les technologies intelligentes abord\u00e9es iront des syst\u00e8mes embarqu\u00e9s alimentant l\u2019automatisation industrielle aux dispositifs grand public r\u00e9volutionnant le quotidien.<\/p>\n<p>Un th\u00e8me central porte sur les d\u00e9fis \u00e9thiques et pratiques li\u00e9s \u00e0 l\u2019int\u00e9gration de l\u2019IA. Les discussions \u00e9valueront les implications de l\u2019IA sur la confidentialit\u00e9, l\u2019emploi et la s\u00e9curit\u00e9, dans l\u2019objectif de guider une innovation responsable.<\/p>\n<p>La conf\u00e9rence mettra aussi en avant les progr\u00e8s dans les architectures d\u2019IA pour optimiser la performance, l\u2019efficacit\u00e9 \u00e9nerg\u00e9tique et l\u2019\u00e9volutivit\u00e9, r\u00e9pondant ainsi \u00e0 la demande mondiale pressante pour des solutions technologiques durables.<\/p>\n<ul>\n<li><strong>Intelligence Artificielle<\/strong> : Exploration des mod\u00e8les d\u2019apprentissage automatique de pointe, des avanc\u00e9es en traitement du langage naturel et des analyses pilot\u00e9es par IA, pr\u00eates \u00e0 red\u00e9finir l\u2019exploitation des donn\u00e9es.<\/li>\n<li><strong>Villes Intelligentes et IoT<\/strong> : Fusion des capteurs, dispositifs et plateformes pour cr\u00e9er des environnements urbains interconnect\u00e9s favorisant mobilit\u00e9, gestion des ressources et participation citoyenne.<\/li>\n<li><strong>Robotique et Automatisation<\/strong> : Innovations dans les syst\u00e8mes autonomes applicables \u00e0 la fabrication, aux soins de sant\u00e9 et aux industries de services, am\u00e9liorant efficacit\u00e9 et s\u00e9curit\u00e9.<\/li>\n<li><strong>Cybers\u00e9curit\u00e9 dans les Syst\u00e8mes Intelligents<\/strong> : Protection des infrastructures intelligentes contre les vuln\u00e9rabilit\u00e9s, garantissant l\u2019int\u00e9grit\u00e9 des donn\u00e9es dans des r\u00e9seaux toujours plus complexes.<\/li>\n<\/ul>\n<h2>Encourager innovation et collaboration<\/h2>\n<p>INTELSYST 2026 ne se limite pas \u00e0 une vitrine, mais agit comme un catalyseur de partenariats durables.<\/p>\n<p>Le programme inclut des sessions pl\u00e9ni\u00e8res anim\u00e9es par des leaders d&rsquo;opinion, des ateliers pratiques pour d\u00e9velopper les comp\u00e9tences et des d\u00e9bats en panel sur les orientations futures.<\/p>\n<p>Des sessions sp\u00e9ciales seront d\u00e9di\u00e9es \u00e0 renforcer les liens entre le monde acad\u00e9mique et l\u2019industrie, favorisant la transformation des avanc\u00e9es th\u00e9oriques en produits et services commercialisables.<\/p>\n<p>Les recommandations et id\u00e9es issues d\u2019INTELSYST devraient influencer les politiques ainsi que les investissements strat\u00e9giques dans les technologies des syst\u00e8mes intelligents, aidant les parties prenantes \u00e0 exploiter pleinement le potentiel de l\u2019IA et des technologies intelligentes dans les contextes vari\u00e9s de l\u2019EMENA.<\/p>\n<h2>Pourquoi choisir Rabat ? Un emplacement strat\u00e9gique<\/h2>\n<p>Rabat offre un cadre id\u00e9al pour INTELSYST 2026.<\/p>\n<p>Capitale politique et administrative du Maroc, la ville allie infrastructures modernes et riche patrimoine culturel, incarnant le point de rencontre entre tradition et innovation.<\/p>\n<p>La position strat\u00e9gique du Maroc, \u00e0 la crois\u00e9e de l\u2019Europe et de l\u2019Afrique, lui conf\u00e8re un r\u00f4le unique pour faciliter la coop\u00e9ration r\u00e9gionale et les \u00e9changes d\u2019innovation.<\/p>\n<p>Les autorit\u00e9s et les \u00e9cosyst\u00e8mes technologiques locaux ont de plus en plus investi dans les initiatives de transformation num\u00e9rique et les projets de villes intelligentes.<\/p>\n<p>En accueillant un \u00e9v\u00e9nement de premier plan tel qu\u2019INTELSYST, Rabat affirme son engagement \u00e0 soutenir une \u00e9conomie du savoir et \u00e0 int\u00e9grer les technologies \u00e9mergentes dans son agenda de croissance.<\/p>\n<h2>Enjeux pour le Maroc et la r\u00e9gion EMENA<\/h2>\n<p>L\u2019importance d\u2019INTELSYST 2026 d\u00e9passe la simple tenue de la conf\u00e9rence, impactant les ambitions \u00e0 long terme du Maroc et la dynamique globale de la r\u00e9gion EMENA.<\/p>\n<p>Le transfert de technologie et le renforcement des comp\u00e9tences induits par l\u2019\u00e9v\u00e9nement sont susceptibles de donner une impulsion aux startups, chercheurs et d\u00e9cideurs politiques.<\/p>\n<p>Pour la r\u00e9gion EMENA, la conf\u00e9rence consolide une approche inclusive du progr\u00e8s technologique, garantissant que les avanc\u00e9es en syst\u00e8mes intelligents et IA profitent \u00e0 divers secteurs, de la sant\u00e9 \u00e0 la finance et au-del\u00e0.<\/p>\n<p>La synergie cr\u00e9\u00e9e vise \u00e0 r\u00e9duire les fractures num\u00e9riques, stimuler la croissance \u00e9conomique et maintenir des normes \u00e9thiques dans la mise en \u0153uvre des technologies.<\/p>\n<h2>L\u2019avenir en perspective<\/h2>\n<p>\u00c0 l\u2019approche d\u2019INTELSYST 2026, l\u2019enthousiasme grandit autour de la richesse de connaissances et de collaborations que cet \u00e9v\u00e9nement promet de lib\u00e9rer.<\/p>\n<p>Les participants peuvent s\u2019attendre \u00e0 un environnement intellectuellement stimulant qui ne se contente pas d\u2019informer mais inspire les perc\u00e9es \u00e0 venir dans ce secteur en constante \u00e9volution.<\/p>\n<p>Les r\u00e9sultats de la conf\u00e9rence pourraient bien devenir une r\u00e9f\u00e9rence pour les \u00e9ditions futures, en \u00e9levant le d\u00e9bat sur les technologies intelligentes dans la r\u00e9gion EMENA et \u00e0 l\u2019\u00e9chelle mondiale.<\/p>\n<p>En r\u00e9unissant \u00e0 Rabat des experts et innovateurs, INTELSYST 2026 souligne la puissance de l\u2019expertise collective pour fa\u00e7onner un monde plus intelligent et connect\u00e9.<\/p>\n","protected":false},"excerpt":{"rendered":"<p>INTELSYST 2026 \u00e0 Rabat rassemble des experts en IA, technologies intelligentes et syst\u00e8mes intelligents provenant de la r\u00e9gion EMENA pour collaborer sur l&rsquo;innovation et les avanc\u00e9es technologiques futures.<\/p>\n","protected":false},"author":1,"featured_media":4193,"comment_status":"open","ping_status":"open","sticky":false,"template":"","format":"standard","meta":{"footnotes":"","rank_math_focus_keyword":"","rank_math_description":""},"categories":[277],"tags":[],"class_list":["post-4196","post","type-post","status-publish","format-standard","has-post-thumbnail","hentry","category-evenements"],"_links":{"self":[{"href":"https:\/\/onyx.ma\/fr\/wp-json\/wp\/v2\/posts\/4196","targetHints":{"allow":["GET"]}}],"collection":[{"href":"https:\/\/onyx.ma\/fr\/wp-json\/wp\/v2\/posts"}],"about":[{"href":"https:\/\/onyx.ma\/fr\/wp-json\/wp\/v2\/types\/post"}],"author":[{"embeddable":true,"href":"https:\/\/onyx.ma\/fr\/wp-json\/wp\/v2\/users\/1"}],"replies":[{"embeddable":true,"href":"https:\/\/onyx.ma\/fr\/wp-json\/wp\/v2\/comments?post=4196"}],"version-history":[{"count":1,"href":"https:\/\/onyx.ma\/fr\/wp-json\/wp\/v2\/posts\/4196\/revisions"}],"predecessor-version":[{"id":4197,"href":"https:\/\/onyx.ma\/fr\/wp-json\/wp\/v2\/posts\/4196\/revisions\/4197"}],"wp:featuredmedia":[{"embeddable":true,"href":"https:\/\/onyx.ma\/fr\/wp-json\/wp\/v2\/media\/4193"}],"wp:attachment":[{"href":"https:\/\/onyx.ma\/fr\/wp-json\/wp\/v2\/media?parent=4196"}],"wp:term":[{"taxonomy":"category","embeddable":true,"href":"https:\/\/onyx.ma\/fr\/wp-json\/wp\/v2\/categories?post=4196"},{"taxonomy":"post_tag","embeddable":true,"href":"https:\/\/onyx.ma\/fr\/wp-json\/wp\/v2\/tags?post=4196"}],"curies":[{"name":"wp","href":"https:\/\/api.w.org\/{rel}","templated":true}]}}